{"id":1149,"date":"2018-07-22T22:33:10","date_gmt":"2018-07-22T20:33:10","guid":{"rendered":"http:\/\/www.atus-graz.com\/?p=1149"},"modified":"2025-03-20T16:55:35","modified_gmt":"2025-03-20T15:55:35","slug":"rueckblick-steirische-meisterschaften","status":"publish","type":"post","link":"https:\/\/www.atus-graz.com\/index.php\/2018\/07\/22\/rueckblick-steirische-meisterschaften\/","title":{"rendered":"R\u00fcckblick  Steirische Meisterschaften"},"content":{"rendered":"\n<style type=\"text\/css\" data-created_by=\"avia_inline_auto\" id=\"style-css-av-1bgbru-979477959b166bd80859ade2f5b4c255\">\n.avia-section.av-1bgbru-979477959b166bd80859ade2f5b4c255{\nbackground-color:#3a8ee8;\nbackground-image:unset;\n}\n.avia-section.av-1bgbru-979477959b166bd80859ade2f5b4c255 .av-extra-border-element .av-extra-border-inner{\nbackground-color:#3a8ee8;\n}\n<\/style>\n<div id='av_section_1'  class='avia-section av-1bgbru-979477959b166bd80859ade2f5b4c255 main_color avia-section-default avia-no-border-styling  avia-builder-el-0  el_before_av_textblock  avia-builder-el-first  avia-bg-style-scroll av-arrow-down-section container_wrap sidebar_right'  ><div class='container av-section-cont-open' ><main  role=\"main\" itemprop=\"mainContentOfPage\"  class='template-page content  av-content-small alpha units'><div class='post-entry post-entry-type-page post-entry-1149'><div class='entry-content-wrapper clearfix'>\n\n<style type=\"text\/css\" data-created_by=\"avia_inline_auto\" id=\"style-css-av-jjxapyws-43344c308a43d06b5fa41830dc0cbb67\">\n#top .av-special-heading.av-jjxapyws-43344c308a43d06b5fa41830dc0cbb67{\npadding-bottom:40px;\ncolor:#ffffff;\nfont-size:32px;\n}\nbody .av-special-heading.av-jjxapyws-43344c308a43d06b5fa41830dc0cbb67 .av-special-heading-tag .heading-char{\nfont-size:25px;\n}\n#top #wrap_all .av-special-heading.av-jjxapyws-43344c308a43d06b5fa41830dc0cbb67 .av-special-heading-tag{\nfont-size:32px;\n}\n.av-special-heading.av-jjxapyws-43344c308a43d06b5fa41830dc0cbb67 .special-heading-inner-border{\nborder-color:#ffffff;\n}\n.av-special-heading.av-jjxapyws-43344c308a43d06b5fa41830dc0cbb67 .av-subheading{\nfont-size:20px;\n}\n\n@media only screen and (min-width: 480px) and (max-width: 767px){ \n#top #wrap_all .av-special-heading.av-jjxapyws-43344c308a43d06b5fa41830dc0cbb67 .av-special-heading-tag{\nfont-size:0.8em;\n}\n}\n\n@media only screen and (max-width: 479px){ \n#top #wrap_all .av-special-heading.av-jjxapyws-43344c308a43d06b5fa41830dc0cbb67 .av-special-heading-tag{\nfont-size:0.8em;\n}\n}\n<\/style>\n<div  class='av-special-heading av-jjxapyws-43344c308a43d06b5fa41830dc0cbb67 av-special-heading-h2 custom-color-heading blockquote modern-quote  avia-builder-el-1  avia-builder-el-no-sibling  av-inherit-size'><h2 class='av-special-heading-tag'  itemprop=\"headline\"  >R\u00fcckblick Steirische Meisterschaften<\/h2><div class=\"special-heading-border\"><div class=\"special-heading-inner-border\"><\/div><\/div><\/div>\n<\/div><\/div><\/main><!-- close content main element --><\/div><div class='av-extra-border-element border-extra-arrow-down'><div class='av-extra-border-outer'><div class='av-extra-border-inner'><\/div><\/div><\/div><\/div><div id='after_section_1'  class='main_color av_default_container_wrap container_wrap sidebar_right'  ><div class='container av-section-cont-open' ><div class='template-page content  av-content-small alpha units'><div class='post-entry post-entry-type-page post-entry-1149'><div class='entry-content-wrapper clearfix'><section  class='av_textblock_section av-w6qa2-1b34d49d44c7d53b8f4ba78c25826def'  itemscope=\"itemscope\" itemtype=\"https:\/\/schema.org\/BlogPosting\" itemprop=\"blogPost\" ><div class='avia_textblock'  itemprop=\"text\" ><p>Vom 29.06. bis 01.07.2018 fanden in der Grazer Auster die Steirischen Hallenmeisterschaften auf der Langbahn statt.<\/p>\n<p>Gleich am ersten WK-Tag zeigten unsere Burschen Niklas, Jonas, Maxim und Oscar in der Staffel mit tollen Leistungen auf und holten \u00fcber 4&#215;100 Kraul und 4&#215;100 Lagen GOLD in der Jugendklasse.<\/p>\n<p>Insgesamt konnte sich die Bilanz des Wettkampfwochenendes sehen lassen:<\/p>\n<p>8 Steir. Vizemeistertitel (3x Jacob Harrich, 2x Sonja H\u00f6lzl, 2x Janine Sauer, 1x Max Eissner) sowie 6 Bronzene in der Allg. Klasse (2x Nicole Pichler, 2x Paul Schaller, jeweils 1x Sonja H\u00f6lzl und Janine Sauer) erk\u00e4mpften unsere A-Kader-Schwimmer.<\/p>\n<p>Spannend waren wie immer die Staffell\u00e4ufe und der Kampfgeist unserer Schwimmer wurde mit jeweils 2 Vizemeistertiteln und einer Bronzemedaille f\u00fcr unsere Damen- sowie unsere Herrenstaffel belohnt.<\/p>\n<p>Auch in den einzelnen Sch\u00fcler-, Jugend- und Juniorenklassen tat sich einiges:<\/p>\n<p>14 Klassensiege (5x Niklas H\u00f6lbling, 3x Janine Sauer, 2x Lorenz Schaller, jeweils 1x Laura Stefan, Oscar Dexl, Maxim Zahradnik und Nils Pla\u00df), 18 Silber- und 15 Bronzemedaillen gehen auf das Konto der ATUS Graz \u2013Schwimmer und viele neue pers\u00f6nliche Bestzeiten wurden erschwommen.<\/p>\n<p>Eine weitere Bronzemedaille erk\u00e4mpfte die 4x50Lagen-Mixed-Staffel in der Jugendklasse.<\/p>\n<p><strong>Wir gratulieren allen Schwimmern zu euren tollen Leistungen!!!<\/strong><\/p>\n<p>Nicht zu vergessen sind nat\u00fcrlich die super Ergebnisse unserer Mastersschwimmer.<\/p>\n<p>Karlheinz Erregger gewann mit seiner Leistung \u00fcber 50 Delphin. Susanne Mayerhofer wurde Zweite mit dem \u00f6sterreichischen AK55 Rekord \u00fcber 50 Delphin, Michael Raith wurde Dritter mit den Punkten von 50 R\u00fccken und Anastasija Georgi erreicht den 3.Platz mit einem \u00f6sterreichischen AK45 Rekord \u00fcber 50 Brust.<\/p>\n<p><strong>Herzliche Gratulation!!<\/strong><\/p>\n<\/div><\/section><\/p>\n\n<style type=\"text\/css\" data-created_by=\"avia_inline_auto\" id=\"style-css-av-jjxau210-4893265dab8b8bba6ad5b4f71c171282\">\n#top .avia-gallery.av-jjxau210-4893265dab8b8bba6ad5b4f71c171282 .avia-gallery-thumb a{\nwidth:20%;\n}\n<\/style>\n<div  class='avia-gallery av-jjxau210-4893265dab8b8bba6ad5b4f71c171282 avia_animate_when_visible  avia-builder-el-3  el_after_av_textblock  el_before_av_hr  avia_lazyload avia-gallery-animate avia-gallery-1'  itemprop=\"image\" itemscope=\"itemscope\" itemtype=\"https:\/\/schema.org\/ImageObject\" ><meta itemprop=\"contentURL\" content=\"https:\/\/www.atus-graz.com\/index.php\/2018\/07\/22\/rueckblick-steirische-meisterschaften\/\"><div class='avia-gallery-thumb'><a href=\"https:\/\/www.atus-graz.com\/wp-content\/uploads\/2018\/07\/WhatsApp-Image-2018-07-22-at-21.56.10-5-1030x579.jpeg\" data-rel='gallery-1' data-prev-img='https:\/\/www.atus-graz.com\/wp-content\/uploads\/2018\/07\/WhatsApp-Image-2018-07-22-at-21.56.10-5-495x430.jpeg' class='first_thumb lightbox ' data-onclick='1' title='R\u00fcckblick  Steirische Meisterschaften'  itemprop=\"thumbnailUrl\"  ><img class=\"wp-image-1151 avia-img-lazy-loading-not-1151\"   src='https:\/\/www.atus-graz.com\/wp-content\/uploads\/2018\/07\/WhatsApp-Image-2018-07-22-at-21.56.10-5-495x430.jpeg' width='495' height='430'  title='R\u00fcckblick  Steirische Meisterschaften' alt='' \/><div class='big-prev-fake'><img class=\"wp-image-1151 avia-img-lazy-loading-1151\"  width='495' height='430' src='https:\/\/www.atus-graz.com\/wp-content\/uploads\/2018\/07\/WhatsApp-Image-2018-07-22-at-21.56.10-5-495x430.jpeg' title='R\u00fcckblick  Steirische Meisterschaften' alt='' \/><\/div><\/a><a href=\"https:\/\/www.atus-graz.com\/wp-content\/uploads\/2018\/07\/WhatsApp-Image-2018-07-22-at-21.56.10-4-1030x579.jpeg\" data-rel='gallery-1' data-prev-img='https:\/\/www.atus-graz.com\/wp-content\/uploads\/2018\/07\/WhatsApp-Image-2018-07-22-at-21.56.10-4-495x430.jpeg' class='lightbox ' data-onclick='2' title='R\u00fcckblick  Steirische Meisterschaften'  itemprop=\"thumbnailUrl\"  ><img class=\"wp-image-1152 avia-img-lazy-loading-not-1152\"   src='https:\/\/www.atus-graz.com\/wp-content\/uploads\/2018\/07\/WhatsApp-Image-2018-07-22-at-21.56.10-4-495x430.jpeg' width='495' height='430'  title='R\u00fcckblick  Steirische Meisterschaften' alt='' \/><div class='big-prev-fake'><img class=\"wp-image-1152 avia-img-lazy-loading-1152\"  width='495' height='430' src='https:\/\/www.atus-graz.com\/wp-content\/uploads\/2018\/07\/WhatsApp-Image-2018-07-22-at-21.56.10-4-495x430.jpeg' title='R\u00fcckblick  Steirische Meisterschaften' alt='' \/><\/div><\/a><a href=\"https:\/\/www.atus-graz.com\/wp-content\/uploads\/2018\/07\/WhatsApp-Image-2018-07-22-at-21.56.10-3-1030x579.jpeg\" data-rel='gallery-1' data-prev-img='https:\/\/www.atus-graz.com\/wp-content\/uploads\/2018\/07\/WhatsApp-Image-2018-07-22-at-21.56.10-3-495x430.jpeg' class='lightbox ' data-onclick='3' title='R\u00fcckblick  Steirische Meisterschaften'  itemprop=\"thumbnailUrl\"  ><img class=\"wp-image-1153 avia-img-lazy-loading-not-1153\"   src='https:\/\/www.atus-graz.com\/wp-content\/uploads\/2018\/07\/WhatsApp-Image-2018-07-22-at-21.56.10-3-495x430.jpeg' width='495' height='430'  title='R\u00fcckblick  Steirische Meisterschaften' alt='' \/><div class='big-prev-fake'><img class=\"wp-image-1153 avia-img-lazy-loading-1153\"  width='495' height='430' src='https:\/\/www.atus-graz.com\/wp-content\/uploads\/2018\/07\/WhatsApp-Image-2018-07-22-at-21.56.10-3-495x430.jpeg' title='R\u00fcckblick  Steirische Meisterschaften' alt='' \/><\/div><\/a><a href=\"https:\/\/www.atus-graz.com\/wp-content\/uploads\/2018\/07\/WhatsApp-Image-2018-07-22-at-21.56.10-2-579x1030.jpeg\" data-rel='gallery-1' data-prev-img='https:\/\/www.atus-graz.com\/wp-content\/uploads\/2018\/07\/WhatsApp-Image-2018-07-22-at-21.56.10-2-495x430.jpeg' class='lightbox ' data-onclick='4' title='R\u00fcckblick  Steirische Meisterschaften'  itemprop=\"thumbnailUrl\"  ><img class=\"wp-image-1154 avia-img-lazy-loading-not-1154\"   src='https:\/\/www.atus-graz.com\/wp-content\/uploads\/2018\/07\/WhatsApp-Image-2018-07-22-at-21.56.10-2-495x430.jpeg' width='495' height='430'  title='R\u00fcckblick  Steirische Meisterschaften' alt='' \/><div class='big-prev-fake'><img class=\"wp-image-1154 avia-img-lazy-loading-1154\"  width='495' height='430' src='https:\/\/www.atus-graz.com\/wp-content\/uploads\/2018\/07\/WhatsApp-Image-2018-07-22-at-21.56.10-2-495x430.jpeg' title='R\u00fcckblick  Steirische Meisterschaften' alt='' \/><\/div><\/a><a href=\"https:\/\/www.atus-graz.com\/wp-content\/uploads\/2018\/07\/WhatsApp-Image-2018-07-22-at-21.56.10-1030x579.jpeg\" data-rel='gallery-1' data-prev-img='https:\/\/www.atus-graz.com\/wp-content\/uploads\/2018\/07\/WhatsApp-Image-2018-07-22-at-21.56.10-495x430.jpeg' class='lightbox ' data-onclick='5' title='R\u00fcckblick  Steirische Meisterschaften'  itemprop=\"thumbnailUrl\"  ><img class=\"wp-image-1155 avia-img-lazy-loading-not-1155\"   src='https:\/\/www.atus-graz.com\/wp-content\/uploads\/2018\/07\/WhatsApp-Image-2018-07-22-at-21.56.10-495x430.jpeg' width='495' height='430'  title='R\u00fcckblick  Steirische Meisterschaften' alt='' \/><div class='big-prev-fake'><img class=\"wp-image-1155 avia-img-lazy-loading-1155\"  width='495' height='430' src='https:\/\/www.atus-graz.com\/wp-content\/uploads\/2018\/07\/WhatsApp-Image-2018-07-22-at-21.56.10-495x430.jpeg' title='R\u00fcckblick  Steirische Meisterschaften' alt='' \/><\/div><\/a><a href=\"https:\/\/www.atus-graz.com\/wp-content\/uploads\/2018\/07\/WhatsApp-Image-2018-07-22-at-21.56.09-4-1030x579.jpeg\" data-rel='gallery-1' data-prev-img='https:\/\/www.atus-graz.com\/wp-content\/uploads\/2018\/07\/WhatsApp-Image-2018-07-22-at-21.56.09-4-495x430.jpeg' class='first_thumb lightbox ' data-onclick='6' title='R\u00fcckblick  Steirische Meisterschaften'  itemprop=\"thumbnailUrl\"  ><img class=\"wp-image-1156 avia-img-lazy-loading-not-1156\"   src='https:\/\/www.atus-graz.com\/wp-content\/uploads\/2018\/07\/WhatsApp-Image-2018-07-22-at-21.56.09-4-495x430.jpeg' width='495' height='430'  title='R\u00fcckblick  Steirische Meisterschaften' alt='' \/><div class='big-prev-fake'><img class=\"wp-image-1156 avia-img-lazy-loading-1156\"  width='495' height='430' src='https:\/\/www.atus-graz.com\/wp-content\/uploads\/2018\/07\/WhatsApp-Image-2018-07-22-at-21.56.09-4-495x430.jpeg' title='R\u00fcckblick  Steirische Meisterschaften' alt='' \/><\/div><\/a><a href=\"https:\/\/www.atus-graz.com\/wp-content\/uploads\/2018\/07\/WhatsApp-Image-2018-07-22-at-21.56.09-3-1030x579.jpeg\" data-rel='gallery-1' data-prev-img='https:\/\/www.atus-graz.com\/wp-content\/uploads\/2018\/07\/WhatsApp-Image-2018-07-22-at-21.56.09-3-495x430.jpeg' class='lightbox ' data-onclick='7' title='R\u00fcckblick  Steirische Meisterschaften'  itemprop=\"thumbnailUrl\"  ><img class=\"wp-image-1157 avia-img-lazy-loading-not-1157\"   src='https:\/\/www.atus-graz.com\/wp-content\/uploads\/2018\/07\/WhatsApp-Image-2018-07-22-at-21.56.09-3-495x430.jpeg' width='495' height='430'  title='R\u00fcckblick  Steirische Meisterschaften' alt='' \/><div class='big-prev-fake'><img class=\"wp-image-1157 avia-img-lazy-loading-1157\"  width='495' height='430' src='https:\/\/www.atus-graz.com\/wp-content\/uploads\/2018\/07\/WhatsApp-Image-2018-07-22-at-21.56.09-3-495x430.jpeg' title='R\u00fcckblick  Steirische Meisterschaften' alt='' \/><\/div><\/a><a href=\"https:\/\/www.atus-graz.com\/wp-content\/uploads\/2018\/07\/WhatsApp-Image-2018-07-22-at-21.56.09-2-579x1030.jpeg\" data-rel='gallery-1' data-prev-img='https:\/\/www.atus-graz.com\/wp-content\/uploads\/2018\/07\/WhatsApp-Image-2018-07-22-at-21.56.09-2-495x430.jpeg' class='lightbox ' data-onclick='8' title='R\u00fcckblick  Steirische Meisterschaften'  itemprop=\"thumbnailUrl\"  ><img class=\"wp-image-1158 avia-img-lazy-loading-not-1158\"   src='https:\/\/www.atus-graz.com\/wp-content\/uploads\/2018\/07\/WhatsApp-Image-2018-07-22-at-21.56.09-2-495x430.jpeg' width='495' height='430'  title='R\u00fcckblick  Steirische Meisterschaften' alt='' \/><div class='big-prev-fake'><img class=\"wp-image-1158 avia-img-lazy-loading-1158\"  width='495' height='430' src='https:\/\/www.atus-graz.com\/wp-content\/uploads\/2018\/07\/WhatsApp-Image-2018-07-22-at-21.56.09-2-495x430.jpeg' title='R\u00fcckblick  Steirische Meisterschaften' alt='' \/><\/div><\/a><a href=\"https:\/\/www.atus-graz.com\/wp-content\/uploads\/2018\/07\/WhatsApp-Image-2018-07-22-at-21.56.09-579x1030.jpeg\" data-rel='gallery-1' data-prev-img='https:\/\/www.atus-graz.com\/wp-content\/uploads\/2018\/07\/WhatsApp-Image-2018-07-22-at-21.56.09-495x430.jpeg' class='lightbox ' data-onclick='9' title='R\u00fcckblick  Steirische Meisterschaften'  itemprop=\"thumbnailUrl\"  ><img class=\"wp-image-1159 avia-img-lazy-loading-not-1159\"   src='https:\/\/www.atus-graz.com\/wp-content\/uploads\/2018\/07\/WhatsApp-Image-2018-07-22-at-21.56.09-495x430.jpeg' width='495' height='430'  title='R\u00fcckblick  Steirische Meisterschaften' alt='' \/><div class='big-prev-fake'><img class=\"wp-image-1159 avia-img-lazy-loading-1159\"  width='495' height='430' src='https:\/\/www.atus-graz.com\/wp-content\/uploads\/2018\/07\/WhatsApp-Image-2018-07-22-at-21.56.09-495x430.jpeg' title='R\u00fcckblick  Steirische Meisterschaften' alt='' \/><\/div><\/a><a href=\"https:\/\/www.atus-graz.com\/wp-content\/uploads\/2018\/07\/WhatsApp-Image-2018-07-22-at-21.56.08-4-1030x579.jpeg\" data-rel='gallery-1' data-prev-img='https:\/\/www.atus-graz.com\/wp-content\/uploads\/2018\/07\/WhatsApp-Image-2018-07-22-at-21.56.08-4-495x430.jpeg' class='lightbox ' data-onclick='10' title='R\u00fcckblick  Steirische Meisterschaften'  itemprop=\"thumbnailUrl\"  ><img class=\"wp-image-1160 avia-img-lazy-loading-not-1160\"   src='https:\/\/www.atus-graz.com\/wp-content\/uploads\/2018\/07\/WhatsApp-Image-2018-07-22-at-21.56.08-4-495x430.jpeg' width='495' height='430'  title='R\u00fcckblick  Steirische Meisterschaften' alt='' \/><div class='big-prev-fake'><img class=\"wp-image-1160 avia-img-lazy-loading-1160\"  width='495' height='430' src='https:\/\/www.atus-graz.com\/wp-content\/uploads\/2018\/07\/WhatsApp-Image-2018-07-22-at-21.56.08-4-495x430.jpeg' title='R\u00fcckblick  Steirische Meisterschaften' alt='' \/><\/div><\/a><a href=\"https:\/\/www.atus-graz.com\/wp-content\/uploads\/2018\/07\/WhatsApp-Image-2018-07-22-at-21.56.08-3-1030x579.jpeg\" data-rel='gallery-1' data-prev-img='https:\/\/www.atus-graz.com\/wp-content\/uploads\/2018\/07\/WhatsApp-Image-2018-07-22-at-21.56.08-3-495x430.jpeg' class='first_thumb lightbox ' data-onclick='11' title='R\u00fcckblick  Steirische Meisterschaften'  itemprop=\"thumbnailUrl\"  ><img class=\"wp-image-1161 avia-img-lazy-loading-not-1161\"   src='https:\/\/www.atus-graz.com\/wp-content\/uploads\/2018\/07\/WhatsApp-Image-2018-07-22-at-21.56.08-3-495x430.jpeg' width='495' height='430'  title='R\u00fcckblick  Steirische Meisterschaften' alt='' \/><div class='big-prev-fake'><img class=\"wp-image-1161 avia-img-lazy-loading-1161\"  width='495' height='430' src='https:\/\/www.atus-graz.com\/wp-content\/uploads\/2018\/07\/WhatsApp-Image-2018-07-22-at-21.56.08-3-495x430.jpeg' title='R\u00fcckblick  Steirische Meisterschaften' alt='' \/><\/div><\/a><a href=\"https:\/\/www.atus-graz.com\/wp-content\/uploads\/2018\/07\/WhatsApp-Image-2018-07-22-at-21.56.08-2-1030x579.jpeg\" data-rel='gallery-1' data-prev-img='https:\/\/www.atus-graz.com\/wp-content\/uploads\/2018\/07\/WhatsApp-Image-2018-07-22-at-21.56.08-2-495x430.jpeg' class='lightbox ' data-onclick='12' title='R\u00fcckblick  Steirische Meisterschaften'  itemprop=\"thumbnailUrl\"  ><img class=\"wp-image-1162 avia-img-lazy-loading-not-1162\"   src='https:\/\/www.atus-graz.com\/wp-content\/uploads\/2018\/07\/WhatsApp-Image-2018-07-22-at-21.56.08-2-495x430.jpeg' width='495' height='430'  title='R\u00fcckblick  Steirische Meisterschaften' alt='' \/><div class='big-prev-fake'><img class=\"wp-image-1162 avia-img-lazy-loading-1162\"  width='495' height='430' src='https:\/\/www.atus-graz.com\/wp-content\/uploads\/2018\/07\/WhatsApp-Image-2018-07-22-at-21.56.08-2-495x430.jpeg' title='R\u00fcckblick  Steirische Meisterschaften' alt='' \/><\/div><\/a><a href=\"https:\/\/www.atus-graz.com\/wp-content\/uploads\/2018\/07\/WhatsApp-Image-2018-07-22-at-21.56.08-579x1030.jpeg\" data-rel='gallery-1' data-prev-img='https:\/\/www.atus-graz.com\/wp-content\/uploads\/2018\/07\/WhatsApp-Image-2018-07-22-at-21.56.08-495x430.jpeg' class='lightbox ' data-onclick='13' title='R\u00fcckblick  Steirische Meisterschaften'  itemprop=\"thumbnailUrl\"  ><img class=\"wp-image-1163 avia-img-lazy-loading-not-1163\"   src='https:\/\/www.atus-graz.com\/wp-content\/uploads\/2018\/07\/WhatsApp-Image-2018-07-22-at-21.56.08-495x430.jpeg' width='495' height='430'  title='R\u00fcckblick  Steirische Meisterschaften' alt='' \/><div class='big-prev-fake'><img class=\"wp-image-1163 avia-img-lazy-loading-1163\"  width='495' height='430' src='https:\/\/www.atus-graz.com\/wp-content\/uploads\/2018\/07\/WhatsApp-Image-2018-07-22-at-21.56.08-495x430.jpeg' title='R\u00fcckblick  Steirische Meisterschaften' alt='' \/><\/div><\/a><a href=\"https:\/\/www.atus-graz.com\/wp-content\/uploads\/2018\/07\/WhatsApp-Image-2018-07-22-at-21.56.07-4-1030x579.jpeg\" data-rel='gallery-1' data-prev-img='https:\/\/www.atus-graz.com\/wp-content\/uploads\/2018\/07\/WhatsApp-Image-2018-07-22-at-21.56.07-4-495x430.jpeg' class='lightbox ' data-onclick='14' title='R\u00fcckblick  Steirische Meisterschaften'  itemprop=\"thumbnailUrl\"  ><img class=\"wp-image-1164 avia-img-lazy-loading-not-1164\"   src='https:\/\/www.atus-graz.com\/wp-content\/uploads\/2018\/07\/WhatsApp-Image-2018-07-22-at-21.56.07-4-495x430.jpeg' width='495' height='430'  title='R\u00fcckblick  Steirische Meisterschaften' alt='' \/><div class='big-prev-fake'><img class=\"wp-image-1164 avia-img-lazy-loading-1164\"  width='495' height='430' src='https:\/\/www.atus-graz.com\/wp-content\/uploads\/2018\/07\/WhatsApp-Image-2018-07-22-at-21.56.07-4-495x430.jpeg' title='R\u00fcckblick  Steirische Meisterschaften' alt='' \/><\/div><\/a><a href=\"https:\/\/www.atus-graz.com\/wp-content\/uploads\/2018\/07\/WhatsApp-Image-2018-07-22-at-21.56.07-3-1030x579.jpeg\" data-rel='gallery-1' data-prev-img='https:\/\/www.atus-graz.com\/wp-content\/uploads\/2018\/07\/WhatsApp-Image-2018-07-22-at-21.56.07-3-495x430.jpeg' class='lightbox ' data-onclick='15' title='R\u00fcckblick  Steirische Meisterschaften'  itemprop=\"thumbnailUrl\"  ><img class=\"wp-image-1165 avia-img-lazy-loading-not-1165\"   src='https:\/\/www.atus-graz.com\/wp-content\/uploads\/2018\/07\/WhatsApp-Image-2018-07-22-at-21.56.07-3-495x430.jpeg' width='495' height='430'  title='R\u00fcckblick  Steirische Meisterschaften' alt='' \/><div class='big-prev-fake'><img class=\"wp-image-1165 avia-img-lazy-loading-1165\"  width='495' height='430' src='https:\/\/www.atus-graz.com\/wp-content\/uploads\/2018\/07\/WhatsApp-Image-2018-07-22-at-21.56.07-3-495x430.jpeg' title='R\u00fcckblick  Steirische Meisterschaften' alt='' \/><\/div><\/a><a href=\"https:\/\/www.atus-graz.com\/wp-content\/uploads\/2018\/07\/WhatsApp-Image-2018-07-22-at-21.56.07-2-1030x577.jpeg\" data-rel='gallery-1' data-prev-img='https:\/\/www.atus-graz.com\/wp-content\/uploads\/2018\/07\/WhatsApp-Image-2018-07-22-at-21.56.07-2-495x430.jpeg' class='first_thumb lightbox ' data-onclick='16' title='R\u00fcckblick  Steirische Meisterschaften'  itemprop=\"thumbnailUrl\"  ><img class=\"wp-image-1166 avia-img-lazy-loading-not-1166\"   src='https:\/\/www.atus-graz.com\/wp-content\/uploads\/2018\/07\/WhatsApp-Image-2018-07-22-at-21.56.07-2-495x430.jpeg' width='495' height='430'  title='R\u00fcckblick  Steirische Meisterschaften' alt='' \/><div class='big-prev-fake'><img class=\"wp-image-1166 avia-img-lazy-loading-1166\"  width='495' height='430' src='https:\/\/www.atus-graz.com\/wp-content\/uploads\/2018\/07\/WhatsApp-Image-2018-07-22-at-21.56.07-2-495x430.jpeg' title='R\u00fcckblick  Steirische Meisterschaften' alt='' \/><\/div><\/a><a href=\"https:\/\/www.atus-graz.com\/wp-content\/uploads\/2018\/07\/WhatsApp-Image-2018-07-22-at-21.56.07-1030x577.jpeg\" data-rel='gallery-1' data-prev-img='https:\/\/www.atus-graz.com\/wp-content\/uploads\/2018\/07\/WhatsApp-Image-2018-07-22-at-21.56.07-495x430.jpeg' class='lightbox ' data-onclick='17' title='R\u00fcckblick  Steirische Meisterschaften'  itemprop=\"thumbnailUrl\"  ><img class=\"wp-image-1167 avia-img-lazy-loading-not-1167\"   src='https:\/\/www.atus-graz.com\/wp-content\/uploads\/2018\/07\/WhatsApp-Image-2018-07-22-at-21.56.07-495x430.jpeg' width='495' height='430'  title='R\u00fcckblick  Steirische Meisterschaften' alt='' \/><div class='big-prev-fake'><img class=\"wp-image-1167 avia-img-lazy-loading-1167\"  width='495' height='430' src='https:\/\/www.atus-graz.com\/wp-content\/uploads\/2018\/07\/WhatsApp-Image-2018-07-22-at-21.56.07-495x430.jpeg' title='R\u00fcckblick  Steirische Meisterschaften' alt='' \/><\/div><\/a><\/div><\/div>\n\n<style type=\"text\/css\" data-created_by=\"avia_inline_auto\" id=\"style-css-av-sq0b6-ceb9de05674a67451957f82faf6049d4\">\n#top .hr.hr-invisible.av-sq0b6-ceb9de05674a67451957f82faf6049d4{\nheight:50px;\n}\n<\/style>\n<div  class='hr av-sq0b6-ceb9de05674a67451957f82faf6049d4 hr-invisible  avia-builder-el-4  el_after_av_gallery  el_before_av_button '><span class='hr-inner '><span class=\"hr-inner-style\"><\/span><\/span><\/div>\n<div  class='avia-button-wrap av-21m8i-65500619caad82bef5c6091c4f997fb3-wrap avia-button-left  avia-builder-el-5  el_after_av_hr  el_before_av_hr '><a href='https:\/\/www.atus-graz.com\/index.php\/neuigkeiten\/'  class='avia-button av-21m8i-65500619caad82bef5c6091c4f997fb3 avia-icon_select-no avia-size-medium avia-position-left avia-color-theme-color'  ><span class='avia_iconbox_title' >ZUR\u00dcCK ZUR \u00dcBERSICHT<\/span><\/a><\/div>\n\n<style type=\"text\/css\" data-created_by=\"avia_inline_auto\" id=\"style-css-av-eqrsq-2b12d3cd819706799c3b06ea995122de\">\n#top .hr.hr-invisible.av-eqrsq-2b12d3cd819706799c3b06ea995122de{\nheight:50px;\n}\n<\/style>\n<div  class='hr av-eqrsq-2b12d3cd819706799c3b06ea995122de hr-invisible  avia-builder-el-6  el_after_av_button  el_before_av_social_share '><span class='hr-inner '><span class=\"hr-inner-style\"><\/span><\/span><\/div>\n<div  class='av-social-sharing-box av-7nl2i-fc6206dbdc2624aaa559795b7300cc78 av-social-sharing-box-default  avia-builder-el-7  el_after_av_hr  avia-builder-el-last  av-social-sharing-box-fullwidth'><div class=\"av-share-box\"><h5 class='av-share-link-description av-no-toc '>NEWS TEILEN<\/h5><ul class=\"av-share-box-list noLightbox\"><li class='av-share-link av-social-link-facebook' ><a target=\"_blank\" aria-label=\"Teilen auf Facebook\" href='https:\/\/www.facebook.com\/sharer.php?u=https:\/\/www.atus-graz.com\/index.php\/2018\/07\/22\/rueckblick-steirische-meisterschaften\/&#038;t=R%C3%BCckblick%20%20Steirische%20Meisterschaften' aria-hidden='false' data-av_icon='\ue8f3' data-av_iconfont='entypo-fontello' title='' data-avia-related-tooltip='Teilen auf Facebook' rel=\"noopener\"><span class='avia_hidden_link_text'>Teilen auf Facebook<\/span><\/a><\/li><li class='av-share-link av-social-link-whatsapp' ><a target=\"_blank\" aria-label=\"Teilen auf WhatsApp\" href='https:\/\/api.whatsapp.com\/send?text=https:\/\/www.atus-graz.com\/index.php\/2018\/07\/22\/rueckblick-steirische-meisterschaften\/' aria-hidden='false' data-av_icon='\uf232' data-av_iconfont='entypo-fontello' title='' data-avia-related-tooltip='Teilen auf WhatsApp' rel=\"noopener\"><span class='avia_hidden_link_text'>Teilen auf WhatsApp<\/span><\/a><\/li><li class='av-share-link av-social-link-mail' ><a  aria-label=\"Per E-Mail teilen\" href='mailto:?subject=R%C3%BCckblick%20%20Steirische%20Meisterschaften&#038;body=https:\/\/www.atus-graz.com\/index.php\/2018\/07\/22\/rueckblick-steirische-meisterschaften\/' aria-hidden='false' data-av_icon='\ue805' data-av_iconfont='entypo-fontello' title='' data-avia-related-tooltip='Per E-Mail teilen'><span class='avia_hidden_link_text'>Per E-Mail teilen<\/span><\/a><\/li><\/ul><\/div><\/div>\n","protected":false},"excerpt":{"rendered":"","protected":false},"author":2,"featured_media":1165,"comment_status":"closed","ping_status":"closed","sticky":false,"template":"","format":"standard","meta":{"footnotes":""},"categories":[29,31],"tags":[],"class_list":["post-1149","post","type-post","status-publish","format-standard","has-post-thumbnail","hentry","category-schwimmen","category-wettkampfbericht"],"_links":{"self":[{"href":"https:\/\/www.atus-graz.com\/index.php\/wp-json\/wp\/v2\/posts\/1149","targetHints":{"allow":["GET"]}}],"collection":[{"href":"https:\/\/www.atus-graz.com\/index.php\/wp-json\/wp\/v2\/posts"}],"about":[{"href":"https:\/\/www.atus-graz.com\/index.php\/wp-json\/wp\/v2\/types\/post"}],"author":[{"embeddable":true,"href":"https:\/\/www.atus-graz.com\/index.php\/wp-json\/wp\/v2\/users\/2"}],"replies":[{"embeddable":true,"href":"https:\/\/www.atus-graz.com\/index.php\/wp-json\/wp\/v2\/comments?post=1149"}],"version-history":[{"count":3,"href":"https:\/\/www.atus-graz.com\/index.php\/wp-json\/wp\/v2\/posts\/1149\/revisions"}],"predecessor-version":[{"id":1169,"href":"https:\/\/www.atus-graz.com\/index.php\/wp-json\/wp\/v2\/posts\/1149\/revisions\/1169"}],"wp:featuredmedia":[{"embeddable":true,"href":"https:\/\/www.atus-graz.com\/index.php\/wp-json\/wp\/v2\/media\/1165"}],"wp:attachment":[{"href":"https:\/\/www.atus-graz.com\/index.php\/wp-json\/wp\/v2\/media?parent=1149"}],"wp:term":[{"taxonomy":"category","embeddable":true,"href":"https:\/\/www.atus-graz.com\/index.php\/wp-json\/wp\/v2\/categories?post=1149"},{"taxonomy":"post_tag","embeddable":true,"href":"https:\/\/www.atus-graz.com\/index.php\/wp-json\/wp\/v2\/tags?post=1149"}],"curies":[{"name":"wp","href":"https:\/\/api.w.org\/{rel}","templated":true}]}}