{"id":1821,"date":"2020-03-13T22:13:27","date_gmt":"2020-03-13T21:13:27","guid":{"rendered":"https:\/\/www.atus-graz.com\/?p=1821"},"modified":"2025-03-20T16:55:21","modified_gmt":"2025-03-20T15:55:21","slug":"cancelled-stroeck-atus-graz-trophy-2020","status":"publish","type":"post","link":"https:\/\/www.atus-graz.com\/index.php\/2020\/03\/13\/cancelled-stroeck-atus-graz-trophy-2020\/","title":{"rendered":"CANCELLED: STR\u00d6CK ATUS GRAZ TROPHY 2020"},"content":{"rendered":"\n<style type=\"text\/css\" data-created_by=\"avia_inline_auto\" id=\"style-css-av-ye1zr-67a0e82676ebd72432215b0d95ae45ad\">\n.avia-section.av-ye1zr-67a0e82676ebd72432215b0d95ae45ad{\nbackground-color:#3a8ee8;\nbackground-image:unset;\n}\n.avia-section.av-ye1zr-67a0e82676ebd72432215b0d95ae45ad .av-extra-border-element .av-extra-border-inner{\nbackground-color:#3a8ee8;\n}\n<\/style>\n<div id='av_section_1'  class='avia-section av-ye1zr-67a0e82676ebd72432215b0d95ae45ad main_color avia-section-default avia-no-border-styling  avia-builder-el-0  el_before_av_textblock  avia-builder-el-first  avia-bg-style-scroll av-arrow-down-section container_wrap sidebar_right'  ><div class='container av-section-cont-open' ><main  role=\"main\" itemprop=\"mainContentOfPage\"  class='template-page content  av-content-small alpha units'><div class='post-entry post-entry-type-page post-entry-1821'><div class='entry-content-wrapper clearfix'>\n\n<style type=\"text\/css\" data-created_by=\"avia_inline_auto\" id=\"style-css-av-k7qp5657-4d18d75cdccabf396bb7cb5bd3c069d7\">\n#top .av-special-heading.av-k7qp5657-4d18d75cdccabf396bb7cb5bd3c069d7{\npadding-bottom:40px;\ncolor:#ffffff;\nfont-size:32px;\n}\nbody .av-special-heading.av-k7qp5657-4d18d75cdccabf396bb7cb5bd3c069d7 .av-special-heading-tag .heading-char{\nfont-size:25px;\n}\n#top #wrap_all .av-special-heading.av-k7qp5657-4d18d75cdccabf396bb7cb5bd3c069d7 .av-special-heading-tag{\nfont-size:32px;\n}\n.av-special-heading.av-k7qp5657-4d18d75cdccabf396bb7cb5bd3c069d7 .special-heading-inner-border{\nborder-color:#ffffff;\n}\n.av-special-heading.av-k7qp5657-4d18d75cdccabf396bb7cb5bd3c069d7 .av-subheading{\nfont-size:20px;\n}\n\n@media only screen and (min-width: 480px) and (max-width: 767px){ \n#top #wrap_all .av-special-heading.av-k7qp5657-4d18d75cdccabf396bb7cb5bd3c069d7 .av-special-heading-tag{\nfont-size:0.8em;\n}\n}\n\n@media only screen and (max-width: 479px){ \n#top #wrap_all .av-special-heading.av-k7qp5657-4d18d75cdccabf396bb7cb5bd3c069d7 .av-special-heading-tag{\nfont-size:0.8em;\n}\n}\n<\/style>\n<div  class='av-special-heading av-k7qp5657-4d18d75cdccabf396bb7cb5bd3c069d7 av-special-heading-h2 custom-color-heading blockquote modern-quote  avia-builder-el-1  avia-builder-el-no-sibling  av-inherit-size'><h2 class='av-special-heading-tag'  itemprop=\"headline\"  >CANCELLED: STR\u00d6CK ATUS GRAZ TROPHY 2020<\/h2><div class=\"special-heading-border\"><div class=\"special-heading-inner-border\"><\/div><\/div><\/div>\n<\/div><\/div><\/main><!-- close content main element --><\/div><div class='av-extra-border-element border-extra-arrow-down'><div class='av-extra-border-outer'><div class='av-extra-border-inner'><\/div><\/div><\/div><\/div><div id='after_section_1'  class='main_color av_default_container_wrap container_wrap sidebar_right'  ><div class='container av-section-cont-open' ><div class='template-page content  av-content-small alpha units'><div class='post-entry post-entry-type-page post-entry-1821'><div class='entry-content-wrapper clearfix'>\n<section  class='av_textblock_section av-ly14v-3bbba312dc87445b5c48585f84696691'  itemscope=\"itemscope\" itemtype=\"https:\/\/schema.org\/BlogPosting\" itemprop=\"blogPost\" ><div class='avia_textblock'  itemprop=\"text\" ><p>Aktuell sieht sich die Welt mit dem neuartigen Coronavirus (COVID-19) konfrontiert. Eine Situation, die mit vielen Herausforderungen verbunden ist.\u00a0In \u00d6sterreich und mehreren anderen L\u00e4ndern wurden weitreichende Ma\u00dfnahmen zur Eind\u00e4mmung von Covid-19 gesetzt. Wir haben voller Elan die\u00a0STR\u00d6CK ATUS GRAZ TROPHY 2020 geplant, leider k\u00f6nnen wir die Veranstaltung aufgrund der letzten Entwicklungen nicht durchf\u00fchren und mussten eine schwere Entscheidung treffen:<\/p>\n<p>Die\u00a0STR\u00d6CK ATUS GRAZ TROPHY 2020 wird nicht stattfinden.<\/p>\n<p>Bleibt gesund,<br \/>\neuer ATUS GRAZ Team Schwimmen<\/p>\n<\/div><\/section>\n\n<style type=\"text\/css\" data-created_by=\"avia_inline_auto\" id=\"style-css-av-heuwn-40eb467eaac4f5b0d3ecddf841c4c865\">\n#top .hr.hr-invisible.av-heuwn-40eb467eaac4f5b0d3ecddf841c4c865{\nheight:50px;\n}\n<\/style>\n<div  class='hr av-heuwn-40eb467eaac4f5b0d3ecddf841c4c865 hr-invisible  avia-builder-el-3  el_after_av_textblock  el_before_av_button '><span class='hr-inner '><span class=\"hr-inner-style\"><\/span><\/span><\/div>\n<div  class='avia-button-wrap av-79hcv-46b9da00ee3746cd1e5167f01b321e6f-wrap avia-button-left  avia-builder-el-4  el_after_av_hr  avia-builder-el-last '><a href='https:\/\/www.atus-graz.com\/index.php\/neuigkeiten\/'  class='avia-button av-79hcv-46b9da00ee3746cd1e5167f01b321e6f avia-icon_select-no avia-size-medium avia-position-left avia-color-light'  ><span class='avia_iconbox_title' >ZUR\u00dcCK ZU \u00dcBERSICHT<\/span><\/a><\/div>\n","protected":false},"excerpt":{"rendered":"","protected":false},"author":2,"featured_media":1823,"comment_status":"closed","ping_status":"open","sticky":false,"template":"","format":"standard","meta":{"footnotes":""},"categories":[29],"tags":[],"class_list":["post-1821","post","type-post","status-publish","format-standard","has-post-thumbnail","hentry","category-schwimmen"],"_links":{"self":[{"href":"https:\/\/www.atus-graz.com\/index.php\/wp-json\/wp\/v2\/posts\/1821","targetHints":{"allow":["GET"]}}],"collection":[{"href":"https:\/\/www.atus-graz.com\/index.php\/wp-json\/wp\/v2\/posts"}],"about":[{"href":"https:\/\/www.atus-graz.com\/index.php\/wp-json\/wp\/v2\/types\/post"}],"author":[{"embeddable":true,"href":"https:\/\/www.atus-graz.com\/index.php\/wp-json\/wp\/v2\/users\/2"}],"replies":[{"embeddable":true,"href":"https:\/\/www.atus-graz.com\/index.php\/wp-json\/wp\/v2\/comments?post=1821"}],"version-history":[{"count":4,"href":"https:\/\/www.atus-graz.com\/index.php\/wp-json\/wp\/v2\/posts\/1821\/revisions"}],"predecessor-version":[{"id":1825,"href":"https:\/\/www.atus-graz.com\/index.php\/wp-json\/wp\/v2\/posts\/1821\/revisions\/1825"}],"wp:featuredmedia":[{"embeddable":true,"href":"https:\/\/www.atus-graz.com\/index.php\/wp-json\/wp\/v2\/media\/1823"}],"wp:attachment":[{"href":"https:\/\/www.atus-graz.com\/index.php\/wp-json\/wp\/v2\/media?parent=1821"}],"wp:term":[{"taxonomy":"category","embeddable":true,"href":"https:\/\/www.atus-graz.com\/index.php\/wp-json\/wp\/v2\/categories?post=1821"},{"taxonomy":"post_tag","embeddable":true,"href":"https:\/\/www.atus-graz.com\/index.php\/wp-json\/wp\/v2\/tags?post=1821"}],"curies":[{"name":"wp","href":"https:\/\/api.w.org\/{rel}","templated":true}]}}