{"id":2515,"date":"2023-07-04T17:47:51","date_gmt":"2023-07-04T15:47:51","guid":{"rendered":"https:\/\/www.atus-graz.com\/?p=2515"},"modified":"2025-03-20T16:54:59","modified_gmt":"2025-03-20T15:54:59","slug":"sommergruesse","status":"publish","type":"post","link":"https:\/\/www.atus-graz.com\/index.php\/2023\/07\/04\/sommergruesse\/","title":{"rendered":"Sommergr\u00fc\u00dfe"},"content":{"rendered":"<p align=\"left\"><span style=\"color: #000000;\"><span style=\"font-family: Segoe UI, serif;\"><span style=\"font-size: large;\">Liebe Mitglieder<\/span><\/span><\/span><\/p>\n<p align=\"left\"><span style=\"color: #000000;\"><span style=\"font-family: Segoe UI, serif;\"><span style=\"font-size: large;\">das Vereinsjahr neigt sich langsam dem Ende zu. Es war ein ereignisreiches Jahr voller sportlicher Herausforderungen, Erfolge und gemeinsamer Momente.<\/span><\/span><\/span><\/p>\n<p align=\"left\"><span style=\"color: #000000;\"><span style=\"font-family: Segoe UI, serif;\"><span style=\"font-size: large;\">Jetzt stehen die wohlverdienten Ferien vor der T\u00fcr. Nutzt diese Zeit, um euch zu erholen, neue Energie zu tanken und sch\u00f6ne Erlebnisse mit euren Liebsten zu genie\u00dfen. Ob ihr verreist, entspannt zu Hause bleibt oder andere Abenteuer erlebt &#8211; wir w\u00fcnschen euch eine unvergessliche und erholsame Zeit.<\/span><\/span><\/span><\/p>\n<p align=\"left\"><span style=\"color: #000000;\"><span style=\"font-family: Segoe UI, serif;\"><span style=\"font-size: large;\">Wir m\u00f6chten uns an dieser Stelle bei euch allen f\u00fcr euer Engagement, eure Teilnahme an den Trainings und Wettk\u00e4mpfen sowie eure Unterst\u00fctzung bedanken. Der Sportverein lebt von eurem Einsatz und eurer Begeisterung.<\/span><\/span><\/span><\/p>\n<p align=\"left\"><span style=\"color: #000000;\"><span style=\"font-family: Segoe UI, serif;\"><span style=\"font-size: large;\">Ein gro\u00dfes Danke auch an alle Trainer und Helfer, ohne euch w\u00e4ren wir nicht das was wir sind. <\/span><\/span><\/span><\/p>\n<p align=\"left\"><span style=\"color: #000000;\"><span style=\"font-family: Segoe UI, serif;\"><span style=\"font-size: large;\">Genie\u00dft die Ferien in vollen Z\u00fcgen, sammelt neue Kraft und freut euch schon jetzt auf die kommende Saison. Wir sehen uns alle im Herbst wieder und werden gemeinsam durchstarten.<\/span><\/span><\/span><\/p>\n<p align=\"left\"><span style=\"color: #000000;\"><span style=\"font-family: Segoe UI, serif;\"><span style=\"font-size: large;\">Mit herzlichen Gr\u00fc\u00dfen<\/span><\/span><\/span><\/p>\n<p align=\"left\"><span style=\"color: #000000;\"><span style=\"font-family: Segoe UI, serif;\"><span style=\"font-size: large;\">Dein Atus &#8211; Graz<\/span><\/span><\/span><\/p>\n","protected":false},"excerpt":{"rendered":"<p>Liebe Mitglieder das Vereinsjahr neigt sich langsam dem Ende zu. Es war ein ereignisreiches Jahr voller sportlicher Herausforderungen, Erfolge und gemeinsamer Momente. Jetzt stehen die wohlverdienten Ferien vor der T\u00fcr. Nutzt diese Zeit, um euch zu erholen, neue Energie zu tanken und sch\u00f6ne Erlebnisse mit euren Liebsten zu genie\u00dfen. Ob ihr verreist, entspannt zu Hause [&hellip;]<\/p>\n","protected":false},"author":9,"featured_media":1901,"comment_status":"closed","ping_status":"open","sticky":false,"template":"","format":"standard","meta":{"footnotes":""},"categories":[1],"tags":[],"class_list":["post-2515","post","type-post","status-publish","format-standard","has-post-thumbnail","hentry","category-allgemein"],"_links":{"self":[{"href":"https:\/\/www.atus-graz.com\/index.php\/wp-json\/wp\/v2\/posts\/2515","targetHints":{"allow":["GET"]}}],"collection":[{"href":"https:\/\/www.atus-graz.com\/index.php\/wp-json\/wp\/v2\/posts"}],"about":[{"href":"https:\/\/www.atus-graz.com\/index.php\/wp-json\/wp\/v2\/types\/post"}],"author":[{"embeddable":true,"href":"https:\/\/www.atus-graz.com\/index.php\/wp-json\/wp\/v2\/users\/9"}],"replies":[{"embeddable":true,"href":"https:\/\/www.atus-graz.com\/index.php\/wp-json\/wp\/v2\/comments?post=2515"}],"version-history":[{"count":2,"href":"https:\/\/www.atus-graz.com\/index.php\/wp-json\/wp\/v2\/posts\/2515\/revisions"}],"predecessor-version":[{"id":2517,"href":"https:\/\/www.atus-graz.com\/index.php\/wp-json\/wp\/v2\/posts\/2515\/revisions\/2517"}],"wp:featuredmedia":[{"embeddable":true,"href":"https:\/\/www.atus-graz.com\/index.php\/wp-json\/wp\/v2\/media\/1901"}],"wp:attachment":[{"href":"https:\/\/www.atus-graz.com\/index.php\/wp-json\/wp\/v2\/media?parent=2515"}],"wp:term":[{"taxonomy":"category","embeddable":true,"href":"https:\/\/www.atus-graz.com\/index.php\/wp-json\/wp\/v2\/categories?post=2515"},{"taxonomy":"post_tag","embeddable":true,"href":"https:\/\/www.atus-graz.com\/index.php\/wp-json\/wp\/v2\/tags?post=2515"}],"curies":[{"name":"wp","href":"https:\/\/api.w.org\/{rel}","templated":true}]}}