{"id":681,"date":"2017-10-14T13:33:34","date_gmt":"2017-10-14T11:33:34","guid":{"rendered":"http:\/\/neu.atus-graz.com\/?p=681"},"modified":"2025-03-20T16:55:45","modified_gmt":"2025-03-20T15:55:45","slug":"vorschwimmen-kids","status":"publish","type":"post","link":"https:\/\/www.atus-graz.com\/index.php\/2017\/10\/14\/vorschwimmen-kids\/","title":{"rendered":"VORSCHWIMMEN f\u00fcr Kids"},"content":{"rendered":"\n<style type=\"text\/css\" data-created_by=\"avia_inline_auto\" id=\"style-css-av-av_section-17ac98e1d49ef4584098a2c52ae20d2c\">\n.avia-section.av-av_section-17ac98e1d49ef4584098a2c52ae20d2c{\nbackground-color:#3a8ee8;\nbackground-image:unset;\n}\n.avia-section.av-av_section-17ac98e1d49ef4584098a2c52ae20d2c .av-extra-border-element .av-extra-border-inner{\nbackground-color:#3a8ee8;\n}\n<\/style>\n<div id='av_section_1'  class='avia-section av-av_section-17ac98e1d49ef4584098a2c52ae20d2c main_color avia-section-default avia-no-border-styling  avia-builder-el-0  el_before_av_textblock  avia-builder-el-first  avia-bg-style-scroll av-arrow-down-section container_wrap sidebar_right'  ><div class='container av-section-cont-open' ><main  role=\"main\" itemprop=\"mainContentOfPage\"  class='template-page content  av-content-small alpha units'><div class='post-entry post-entry-type-page post-entry-681'><div class='entry-content-wrapper clearfix'>\n\n<style type=\"text\/css\" data-created_by=\"avia_inline_auto\" id=\"style-css-av-av_heading-43675ad93897acbed8100c0fa4896a26\">\n#top .av-special-heading.av-av_heading-43675ad93897acbed8100c0fa4896a26{\npadding-bottom:40px;\ncolor:#ffffff;\nfont-size:32px;\n}\nbody .av-special-heading.av-av_heading-43675ad93897acbed8100c0fa4896a26 .av-special-heading-tag .heading-char{\nfont-size:25px;\n}\n#top #wrap_all .av-special-heading.av-av_heading-43675ad93897acbed8100c0fa4896a26 .av-special-heading-tag{\nfont-size:32px;\n}\n.av-special-heading.av-av_heading-43675ad93897acbed8100c0fa4896a26 .special-heading-inner-border{\nborder-color:#ffffff;\n}\n.av-special-heading.av-av_heading-43675ad93897acbed8100c0fa4896a26 .av-subheading{\nfont-size:20px;\n}\n\n@media only screen and (min-width: 480px) and (max-width: 767px){ \n#top #wrap_all .av-special-heading.av-av_heading-43675ad93897acbed8100c0fa4896a26 .av-special-heading-tag{\nfont-size:0.8em;\n}\n}\n\n@media only screen and (max-width: 479px){ \n#top #wrap_all .av-special-heading.av-av_heading-43675ad93897acbed8100c0fa4896a26 .av-special-heading-tag{\nfont-size:0.8em;\n}\n}\n<\/style>\n<div  class='av-special-heading av-av_heading-43675ad93897acbed8100c0fa4896a26 av-special-heading-h2 custom-color-heading blockquote modern-quote  avia-builder-el-1  avia-builder-el-no-sibling  av-inherit-size'><h2 class='av-special-heading-tag'  itemprop=\"headline\"  >VORSCHWIMMEN f\u00fcr Kids<\/h2><div class=\"special-heading-border\"><div class=\"special-heading-inner-border\"><\/div><\/div><\/div>\n<\/div><\/div><\/main><!-- close content main element --><\/div><div class='av-extra-border-element border-extra-arrow-down'><div class='av-extra-border-outer'><div class='av-extra-border-inner'><\/div><\/div><\/div><\/div><div id='after_section_1'  class='main_color av_default_container_wrap container_wrap sidebar_right'  ><div class='container av-section-cont-open' ><div class='template-page content  av-content-small alpha units'><div class='post-entry post-entry-type-page post-entry-681'><div class='entry-content-wrapper clearfix'>\n<section  class='av_textblock_section av-av_textblock-2de302bf1aa3cf4c9157dbe6f50ac7eb'  itemscope=\"itemscope\" itemtype=\"https:\/\/schema.org\/BlogPosting\" itemprop=\"blogPost\" ><div class='avia_textblock'  itemprop=\"text\" ><p>F\u00fcr alle schwimmsportbegeisterten Kinder und Jugendlichen, die in der neuen Saison in unserem Verein trainieren m\u00f6chten, findet am Mittwoch, den 20. und am Montag, den 25.09., das Vorschwimmen im Auster Sportbad Eggenberg statt.<\/p>\n<p>Beginn ist jeweils 16:00 Uhr, Treffpunkt 15:50 Uhr an der Rezeption in der Auster.<\/p>\n<p>Wir freuen uns schon sehr darauf euch kennenlernen und euch unseren Verein ein wenig vorstellen zu d\u00fcrfen.<\/p>\n<p>Beim Vorschwimmen m\u00f6chten sich unsere Trainer anschauen, was ihr schon alles k\u00f6nnt. <img decoding=\"async\" title=\"L\u00e4chelnd\" src=\"http:\/\/atus-graz.com\/assets\/tinymce\/plugins\/emotions\/img\/smiley-smile.gif\" alt=\"L\u00e4chelnd\" \/>\u00a0 Im Anschlu\u00df werden sie euch mitteilen, welche Trainingsgruppe die derzeit richtige f\u00fcr euch w\u00e4re. In dieser d\u00fcrft ihr dann 2 Wochen gratis trainieren, bevor ihr euch f\u00fcr eine Mitgliedschaft entscheidet.<\/p>\n<p>Gerne k\u00f6nnt ihr auch eure Eltern zum Vorschwimmen mitbringen. Wenn sie euch zuschauen und nicht im Kassabereich warten m\u00f6chten, sollten sie unbedingt Sportbekleidung mitnehmen. Ohne Sportbekleidung gibt es n\u00e4mlich keinen Zutritt zum Bad.<\/p>\n<p>Anmeldungen bitte per Mail (unter Angabe eures Namens und des Geburtsjahres) an schwimmen@atus-graz.com.<\/p>\n<p>Dann also bis bald! Wir freuen uns schon sehr auf euer Kommen!<\/p>\n<p>Euer ATUS GRAZ Team Schwimmen<\/p>\n<\/div><\/section>\n\n<style type=\"text\/css\" data-created_by=\"avia_inline_auto\" id=\"style-css-av-av_hr-4474f20d2389e2e5ecf918a02da5132e\">\n#top .hr.hr-invisible.av-av_hr-4474f20d2389e2e5ecf918a02da5132e{\nheight:50px;\n}\n<\/style>\n<div  class='hr av-av_hr-4474f20d2389e2e5ecf918a02da5132e hr-invisible  avia-builder-el-3  el_after_av_textblock  el_before_av_button '><span class='hr-inner '><span class=\"hr-inner-style\"><\/span><\/span><\/div>\n<div  class='avia-button-wrap av-av_button-e9534d3143bb67da71b75f487c79d1ad-wrap avia-button-left  avia-builder-el-4  el_after_av_hr  el_before_av_hr '><a href='https:\/\/www.atus-graz.com\/index.php\/neuigkeiten\/'  class='avia-button av-av_button-e9534d3143bb67da71b75f487c79d1ad avia-icon_select-no avia-size-medium avia-position-left avia-color-theme-color'  ><span class='avia_iconbox_title' >ZUR\u00dcCK ZUR \u00dcBERSICHT<\/span><\/a><\/div>\n\n<style type=\"text\/css\" data-created_by=\"avia_inline_auto\" id=\"style-css-av-av_hr-4474f20d2389e2e5ecf918a02da5132e\">\n#top .hr.hr-invisible.av-av_hr-4474f20d2389e2e5ecf918a02da5132e{\nheight:50px;\n}\n<\/style>\n<div  class='hr av-av_hr-4474f20d2389e2e5ecf918a02da5132e hr-invisible  avia-builder-el-5  el_after_av_button  el_before_av_social_share '><span class='hr-inner '><span class=\"hr-inner-style\"><\/span><\/span><\/div>\n<div  class='av-social-sharing-box av-av_social_share-956bb520151e272a6ff65aaacb89a283 av-social-sharing-box-default  avia-builder-el-6  el_after_av_hr  avia-builder-el-last  av-social-sharing-box-fullwidth'><div class=\"av-share-box\"><h5 class='av-share-link-description av-no-toc '>NEWS TEILEN<\/h5><ul class=\"av-share-box-list noLightbox\"><li class='av-share-link av-social-link-facebook' ><a target=\"_blank\" aria-label=\"Teilen auf Facebook\" href='https:\/\/www.facebook.com\/sharer.php?u=https:\/\/www.atus-graz.com\/index.php\/2017\/10\/14\/vorschwimmen-kids\/&#038;t=VORSCHWIMMEN%20f%C3%BCr%20Kids' aria-hidden='false' data-av_icon='\ue8f3' data-av_iconfont='entypo-fontello' title='' data-avia-related-tooltip='Teilen auf Facebook' rel=\"noopener\"><span class='avia_hidden_link_text'>Teilen auf Facebook<\/span><\/a><\/li><li class='av-share-link av-social-link-whatsapp' ><a target=\"_blank\" aria-label=\"Teilen auf WhatsApp\" href='https:\/\/api.whatsapp.com\/send?text=https:\/\/www.atus-graz.com\/index.php\/2017\/10\/14\/vorschwimmen-kids\/' aria-hidden='false' data-av_icon='\uf232' data-av_iconfont='entypo-fontello' title='' data-avia-related-tooltip='Teilen auf WhatsApp' rel=\"noopener\"><span class='avia_hidden_link_text'>Teilen auf WhatsApp<\/span><\/a><\/li><li class='av-share-link av-social-link-mail' ><a  aria-label=\"Per E-Mail teilen\" href='mailto:?subject=VORSCHWIMMEN%20f%C3%BCr%20Kids&#038;body=https:\/\/www.atus-graz.com\/index.php\/2017\/10\/14\/vorschwimmen-kids\/' aria-hidden='false' data-av_icon='\ue805' data-av_iconfont='entypo-fontello' title='' data-avia-related-tooltip='Per E-Mail teilen'><span class='avia_hidden_link_text'>Per E-Mail teilen<\/span><\/a><\/li><\/ul><\/div><\/div>\n","protected":false},"excerpt":{"rendered":"","protected":false},"author":2,"featured_media":683,"comment_status":"closed","ping_status":"open","sticky":false,"template":"","format":"standard","meta":{"footnotes":""},"categories":[29],"tags":[],"class_list":["post-681","post","type-post","status-publish","format-standard","has-post-thumbnail","hentry","category-schwimmen"],"_links":{"self":[{"href":"https:\/\/www.atus-graz.com\/index.php\/wp-json\/wp\/v2\/posts\/681","targetHints":{"allow":["GET"]}}],"collection":[{"href":"https:\/\/www.atus-graz.com\/index.php\/wp-json\/wp\/v2\/posts"}],"about":[{"href":"https:\/\/www.atus-graz.com\/index.php\/wp-json\/wp\/v2\/types\/post"}],"author":[{"embeddable":true,"href":"https:\/\/www.atus-graz.com\/index.php\/wp-json\/wp\/v2\/users\/2"}],"replies":[{"embeddable":true,"href":"https:\/\/www.atus-graz.com\/index.php\/wp-json\/wp\/v2\/comments?post=681"}],"version-history":[{"count":4,"href":"https:\/\/www.atus-graz.com\/index.php\/wp-json\/wp\/v2\/posts\/681\/revisions"}],"predecessor-version":[{"id":1993,"href":"https:\/\/www.atus-graz.com\/index.php\/wp-json\/wp\/v2\/posts\/681\/revisions\/1993"}],"wp:featuredmedia":[{"embeddable":true,"href":"https:\/\/www.atus-graz.com\/index.php\/wp-json\/wp\/v2\/media\/683"}],"wp:attachment":[{"href":"https:\/\/www.atus-graz.com\/index.php\/wp-json\/wp\/v2\/media?parent=681"}],"wp:term":[{"taxonomy":"category","embeddable":true,"href":"https:\/\/www.atus-graz.com\/index.php\/wp-json\/wp\/v2\/categories?post=681"},{"taxonomy":"post_tag","embeddable":true,"href":"https:\/\/www.atus-graz.com\/index.php\/wp-json\/wp\/v2\/tags?post=681"}],"curies":[{"name":"wp","href":"https:\/\/api.w.org\/{rel}","templated":true}]}}