{"id":706,"date":"2017-12-18T13:43:52","date_gmt":"2017-12-18T12:43:52","guid":{"rendered":"http:\/\/neu.atus-graz.com\/?p=706"},"modified":"2025-03-20T16:55:43","modified_gmt":"2025-03-20T15:55:43","slug":"podestplaetze-steirischer-hallencup","status":"publish","type":"post","link":"https:\/\/www.atus-graz.com\/index.php\/2017\/12\/18\/podestplaetze-steirischer-hallencup\/","title":{"rendered":"Zwei Podestpl\u00e4tze bei der 2. Runde des Steir. Hallencups"},"content":{"rendered":"\n<style type=\"text\/css\" data-created_by=\"avia_inline_auto\" id=\"style-css-av-av_section-17ac98e1d49ef4584098a2c52ae20d2c\">\n.avia-section.av-av_section-17ac98e1d49ef4584098a2c52ae20d2c{\nbackground-color:#3a8ee8;\nbackground-image:unset;\n}\n.avia-section.av-av_section-17ac98e1d49ef4584098a2c52ae20d2c .av-extra-border-element .av-extra-border-inner{\nbackground-color:#3a8ee8;\n}\n<\/style>\n<div id='av_section_1'  class='avia-section av-av_section-17ac98e1d49ef4584098a2c52ae20d2c main_color avia-section-default avia-no-border-styling  avia-builder-el-0  el_before_av_textblock  avia-builder-el-first  avia-bg-style-scroll av-arrow-down-section container_wrap sidebar_right'  ><div class='container av-section-cont-open' ><main  role=\"main\" itemprop=\"mainContentOfPage\"  class='template-page content  av-content-small alpha units'><div class='post-entry post-entry-type-page post-entry-706'><div class='entry-content-wrapper clearfix'>\n\n<style type=\"text\/css\" data-created_by=\"avia_inline_auto\" id=\"style-css-av-av_heading-928f4641d04a6b13255497ed3adaf454\">\n#top .av-special-heading.av-av_heading-928f4641d04a6b13255497ed3adaf454{\npadding-bottom:40px;\ncolor:#ffffff;\nfont-size:32px;\n}\nbody .av-special-heading.av-av_heading-928f4641d04a6b13255497ed3adaf454 .av-special-heading-tag .heading-char{\nfont-size:25px;\n}\n#top #wrap_all .av-special-heading.av-av_heading-928f4641d04a6b13255497ed3adaf454 .av-special-heading-tag{\nfont-size:32px;\n}\n.av-special-heading.av-av_heading-928f4641d04a6b13255497ed3adaf454 .special-heading-inner-border{\nborder-color:#ffffff;\n}\n.av-special-heading.av-av_heading-928f4641d04a6b13255497ed3adaf454 .av-subheading{\nfont-size:20px;\n}\n\n@media only screen and (min-width: 480px) and (max-width: 767px){ \n#top #wrap_all .av-special-heading.av-av_heading-928f4641d04a6b13255497ed3adaf454 .av-special-heading-tag{\nfont-size:0.8em;\n}\n}\n\n@media only screen and (max-width: 479px){ \n#top #wrap_all .av-special-heading.av-av_heading-928f4641d04a6b13255497ed3adaf454 .av-special-heading-tag{\nfont-size:0.8em;\n}\n}\n<\/style>\n<div  class='av-special-heading av-av_heading-928f4641d04a6b13255497ed3adaf454 av-special-heading-h2 custom-color-heading blockquote modern-quote  avia-builder-el-1  avia-builder-el-no-sibling  av-inherit-size'><h2 class='av-special-heading-tag'  itemprop=\"headline\"  >Zwei Podestpl\u00e4tze bei der 2. Runde des Steir. Hallencups<\/h2><div class=\"special-heading-border\"><div class=\"special-heading-inner-border\"><\/div><\/div><\/div>\n<\/div><\/div><\/main><!-- close content main element --><\/div><div class='av-extra-border-element border-extra-arrow-down'><div class='av-extra-border-outer'><div class='av-extra-border-inner'><\/div><\/div><\/div><\/div><div id='after_section_1'  class='main_color av_default_container_wrap container_wrap sidebar_right'  ><div class='container av-section-cont-open' ><div class='template-page content  av-content-small alpha units'><div class='post-entry post-entry-type-page post-entry-706'><div class='entry-content-wrapper clearfix'>\n<section  class='av_textblock_section av-av_textblock-2de302bf1aa3cf4c9157dbe6f50ac7eb'  itemscope=\"itemscope\" itemtype=\"https:\/\/schema.org\/BlogPosting\" itemprop=\"blogPost\" ><div class='avia_textblock'  itemprop=\"text\" ><p>Am 02. Dezember fand in der Therme Nova in K\u00f6flach \u00a0die 2. Runde des Steir. Hallencups statt. Geschwommen wurden pro Schwimmer jeweils 2 200m-Bewerbe.<\/p>\n<p>Auch diesmal gaben unsere 24 teilnehmenden Schwimmer ihr Bestes und zeigten mit insgesamt 34 neuen pers\u00f6nlichen Bestzeiten auf.<\/p>\n<p>Besonders gute Ergebnisse erschwammen einmal mehr Niklas H\u00f6lbling und Lorenz Schaller.<\/p>\n<p>Niklas gewann die Tageswertung seiner Klasse (Jugend II) und \u00a0Lorenz konnte sich in seiner Klasse (Sch\u00fcler III) die Bronzene holen. Dazu gratulieren wir euch nat\u00fcrlich herzlichst!!<\/p>\n<p>Mit einem 4. Platz in der Tageswertung (Sch\u00fcler II) verpasste Nils Pla\u00df nur knapp das Podest. Paul Pachatz belegte in der Sch\u00fcler II \u2013 Klasse den 5 Platz.<\/p>\n<p>Mit Blick auf die erzielten Ergebnisse sind wir nun schon sehr gespannt auf die 3. Runde des Hallencups, die am 13. Januar 2018 in M\u00fcrzzuschlag stattfinden wird.<img decoding=\"async\" title=\"L\u00e4chelnd\" src=\"http:\/\/www.atus-graz.com\/assets\/tinymce\/plugins\/emotions\/img\/smiley-smile.gif\" alt=\"L\u00e4chelnd\" \/><\/p>\n<p>Jetzt hei\u00dft es aber erst einmal Spannung und Spa\u00df beim vereinsinternen Weihnachtsschwimmen am 18.12., worauf wir uns alle schon sehr freuen.<\/p>\n<p>Bis dann also,<\/p>\n<p>euer ATUS Graz Team Schwimmen<\/p>\n<p><img loading=\"lazy\" decoding=\"async\" class=\"alignnone size-full wp-image-708\" src=\"http:\/\/neu.atus-graz.com\/wp-content\/uploads\/2017\/12\/Foto-Koeflach-e53f313c.jpg\" alt=\"\" width=\"286\" height=\"209\" \/><\/p>\n<\/div><\/section>\n\n<style type=\"text\/css\" data-created_by=\"avia_inline_auto\" id=\"style-css-av-av_hr-4474f20d2389e2e5ecf918a02da5132e\">\n#top .hr.hr-invisible.av-av_hr-4474f20d2389e2e5ecf918a02da5132e{\nheight:50px;\n}\n<\/style>\n<div  class='hr av-av_hr-4474f20d2389e2e5ecf918a02da5132e hr-invisible  avia-builder-el-3  el_after_av_textblock  el_before_av_button '><span class='hr-inner '><span class=\"hr-inner-style\"><\/span><\/span><\/div>\n<div  class='avia-button-wrap av-av_button-e9534d3143bb67da71b75f487c79d1ad-wrap avia-button-left  avia-builder-el-4  el_after_av_hr  el_before_av_hr '><a href='https:\/\/www.atus-graz.com\/index.php\/neuigkeiten\/'  class='avia-button av-av_button-e9534d3143bb67da71b75f487c79d1ad avia-icon_select-no avia-size-medium avia-position-left avia-color-theme-color'  ><span class='avia_iconbox_title' >ZUR\u00dcCK ZUR \u00dcBERSICHT<\/span><\/a><\/div>\n\n<style type=\"text\/css\" data-created_by=\"avia_inline_auto\" id=\"style-css-av-av_hr-4474f20d2389e2e5ecf918a02da5132e\">\n#top .hr.hr-invisible.av-av_hr-4474f20d2389e2e5ecf918a02da5132e{\nheight:50px;\n}\n<\/style>\n<div  class='hr av-av_hr-4474f20d2389e2e5ecf918a02da5132e hr-invisible  avia-builder-el-5  el_after_av_button  el_before_av_social_share '><span class='hr-inner '><span class=\"hr-inner-style\"><\/span><\/span><\/div>\n<div  class='av-social-sharing-box av-av_social_share-956bb520151e272a6ff65aaacb89a283 av-social-sharing-box-default  avia-builder-el-6  el_after_av_hr  avia-builder-el-last  av-social-sharing-box-fullwidth'><div class=\"av-share-box\"><h5 class='av-share-link-description av-no-toc '>NEWS TEILEN<\/h5><ul class=\"av-share-box-list noLightbox\"><li class='av-share-link av-social-link-facebook' ><a target=\"_blank\" aria-label=\"Teilen auf Facebook\" href='https:\/\/www.facebook.com\/sharer.php?u=https:\/\/www.atus-graz.com\/index.php\/2017\/12\/18\/podestplaetze-steirischer-hallencup\/&#038;t=Zwei%20Podestpl%C3%A4tze%20bei%20der%202.%20Runde%20des%20Steir.%20Hallencups' aria-hidden='false' data-av_icon='\ue8f3' data-av_iconfont='entypo-fontello' title='' data-avia-related-tooltip='Teilen auf Facebook' rel=\"noopener\"><span class='avia_hidden_link_text'>Teilen auf Facebook<\/span><\/a><\/li><li class='av-share-link av-social-link-whatsapp' ><a target=\"_blank\" aria-label=\"Teilen auf WhatsApp\" href='https:\/\/api.whatsapp.com\/send?text=https:\/\/www.atus-graz.com\/index.php\/2017\/12\/18\/podestplaetze-steirischer-hallencup\/' aria-hidden='false' data-av_icon='\uf232' data-av_iconfont='entypo-fontello' title='' data-avia-related-tooltip='Teilen auf WhatsApp' rel=\"noopener\"><span class='avia_hidden_link_text'>Teilen auf WhatsApp<\/span><\/a><\/li><li class='av-share-link av-social-link-mail' ><a  aria-label=\"Per E-Mail teilen\" href='mailto:?subject=Zwei%20Podestpl%C3%A4tze%20bei%20der%202.%20Runde%20des%20Steir.%20Hallencups&#038;body=https:\/\/www.atus-graz.com\/index.php\/2017\/12\/18\/podestplaetze-steirischer-hallencup\/' aria-hidden='false' data-av_icon='\ue805' data-av_iconfont='entypo-fontello' title='' data-avia-related-tooltip='Per E-Mail teilen'><span class='avia_hidden_link_text'>Per E-Mail teilen<\/span><\/a><\/li><\/ul><\/div><\/div>\n","protected":false},"excerpt":{"rendered":"","protected":false},"author":2,"featured_media":708,"comment_status":"closed","ping_status":"open","sticky":false,"template":"","format":"standard","meta":{"footnotes":""},"categories":[29,31],"tags":[],"class_list":["post-706","post","type-post","status-publish","format-standard","has-post-thumbnail","hentry","category-schwimmen","category-wettkampfbericht"],"_links":{"self":[{"href":"https:\/\/www.atus-graz.com\/index.php\/wp-json\/wp\/v2\/posts\/706","targetHints":{"allow":["GET"]}}],"collection":[{"href":"https:\/\/www.atus-graz.com\/index.php\/wp-json\/wp\/v2\/posts"}],"about":[{"href":"https:\/\/www.atus-graz.com\/index.php\/wp-json\/wp\/v2\/types\/post"}],"author":[{"embeddable":true,"href":"https:\/\/www.atus-graz.com\/index.php\/wp-json\/wp\/v2\/users\/2"}],"replies":[{"embeddable":true,"href":"https:\/\/www.atus-graz.com\/index.php\/wp-json\/wp\/v2\/comments?post=706"}],"version-history":[{"count":4,"href":"https:\/\/www.atus-graz.com\/index.php\/wp-json\/wp\/v2\/posts\/706\/revisions"}],"predecessor-version":[{"id":716,"href":"https:\/\/www.atus-graz.com\/index.php\/wp-json\/wp\/v2\/posts\/706\/revisions\/716"}],"wp:featuredmedia":[{"embeddable":true,"href":"https:\/\/www.atus-graz.com\/index.php\/wp-json\/wp\/v2\/media\/708"}],"wp:attachment":[{"href":"https:\/\/www.atus-graz.com\/index.php\/wp-json\/wp\/v2\/media?parent=706"}],"wp:term":[{"taxonomy":"category","embeddable":true,"href":"https:\/\/www.atus-graz.com\/index.php\/wp-json\/wp\/v2\/categories?post=706"},{"taxonomy":"post_tag","embeddable":true,"href":"https:\/\/www.atus-graz.com\/index.php\/wp-json\/wp\/v2\/tags?post=706"}],"curies":[{"name":"wp","href":"https:\/\/api.w.org\/{rel}","templated":true}]}}