{"id":923,"date":"2018-01-25T23:19:19","date_gmt":"2018-01-25T22:19:19","guid":{"rendered":"http:\/\/www.atus-graz.com\/?p=923"},"modified":"2025-03-20T16:55:38","modified_gmt":"2025-03-20T15:55:38","slug":"zwei-podestplaetze-bei-der-2-runde-des-steir-hallencups","status":"publish","type":"post","link":"https:\/\/www.atus-graz.com\/index.php\/2018\/01\/25\/zwei-podestplaetze-bei-der-2-runde-des-steir-hallencups\/","title":{"rendered":"R\u00fcckblick Steirischer Hallencup 2017\/18"},"content":{"rendered":"\n<style type=\"text\/css\" data-created_by=\"avia_inline_auto\" id=\"style-css-av-av_section-17ac98e1d49ef4584098a2c52ae20d2c\">\n.avia-section.av-av_section-17ac98e1d49ef4584098a2c52ae20d2c{\nbackground-color:#3a8ee8;\nbackground-image:unset;\n}\n.avia-section.av-av_section-17ac98e1d49ef4584098a2c52ae20d2c .av-extra-border-element .av-extra-border-inner{\nbackground-color:#3a8ee8;\n}\n<\/style>\n<div id='av_section_1'  class='avia-section av-av_section-17ac98e1d49ef4584098a2c52ae20d2c main_color avia-section-default avia-no-border-styling  avia-builder-el-0  el_before_av_textblock  avia-builder-el-first  avia-bg-style-scroll av-arrow-down-section container_wrap sidebar_right'  ><div class='container av-section-cont-open' ><main  role=\"main\" itemprop=\"mainContentOfPage\"  class='template-page content  av-content-small alpha units'><div class='post-entry post-entry-type-page post-entry-923'><div class='entry-content-wrapper clearfix'>\n\n<style type=\"text\/css\" data-created_by=\"avia_inline_auto\" id=\"style-css-av-av_heading-a0e8c9da335433506237dfde652f0196\">\n#top .av-special-heading.av-av_heading-a0e8c9da335433506237dfde652f0196{\npadding-bottom:40px;\ncolor:#ffffff;\nfont-size:32px;\n}\nbody .av-special-heading.av-av_heading-a0e8c9da335433506237dfde652f0196 .av-special-heading-tag .heading-char{\nfont-size:25px;\n}\n#top #wrap_all .av-special-heading.av-av_heading-a0e8c9da335433506237dfde652f0196 .av-special-heading-tag{\nfont-size:32px;\n}\n.av-special-heading.av-av_heading-a0e8c9da335433506237dfde652f0196 .special-heading-inner-border{\nborder-color:#ffffff;\n}\n.av-special-heading.av-av_heading-a0e8c9da335433506237dfde652f0196 .av-subheading{\nfont-size:20px;\n}\n\n@media only screen and (min-width: 480px) and (max-width: 767px){ \n#top #wrap_all .av-special-heading.av-av_heading-a0e8c9da335433506237dfde652f0196 .av-special-heading-tag{\nfont-size:0.8em;\n}\n}\n\n@media only screen and (max-width: 479px){ \n#top #wrap_all .av-special-heading.av-av_heading-a0e8c9da335433506237dfde652f0196 .av-special-heading-tag{\nfont-size:0.8em;\n}\n}\n<\/style>\n<div  class='av-special-heading av-av_heading-a0e8c9da335433506237dfde652f0196 av-special-heading-h2 custom-color-heading blockquote modern-quote  avia-builder-el-1  avia-builder-el-no-sibling  av-inherit-size'><h2 class='av-special-heading-tag'  itemprop=\"headline\"  >R\u00fcckblick Steirischer Hallencup 2017\/18<\/h2><div class=\"special-heading-border\"><div class=\"special-heading-inner-border\"><\/div><\/div><\/div>\n<\/div><\/div><\/main><!-- close content main element --><\/div><div class='av-extra-border-element border-extra-arrow-down'><div class='av-extra-border-outer'><div class='av-extra-border-inner'><\/div><\/div><\/div><\/div><div id='after_section_1'  class='main_color av_default_container_wrap container_wrap sidebar_right'  ><div class='container av-section-cont-open' ><div class='template-page content  av-content-small alpha units'><div class='post-entry post-entry-type-page post-entry-923'><div class='entry-content-wrapper clearfix'><section  class='av_textblock_section av-av_textblock-2de302bf1aa3cf4c9157dbe6f50ac7eb'  itemscope=\"itemscope\" itemtype=\"https:\/\/schema.org\/BlogPosting\" itemprop=\"blogPost\" ><div class='avia_textblock'  itemprop=\"text\" ><p>Am 20.01. fand in Kapfenberg die 4. und letzte Runde des Steir. HC statt. Geschwommen wurden alle 4 Lagen, jeweils 50m.<\/p>\n<p>Nach einigen Podestpl\u00e4tzen in der 1. (2x Gold f\u00fcr Niklas H\u00f6lbling und Janine Sauer, Bronze f\u00fcr Niklas Pla\u00df), 2. (1x Gold Niklas H\u00f6lbling, Bronze f\u00fcr Schaller Lorenz) und 3. Runde (1x Gold Niklas H\u00f6lbling, 2x Silber f\u00fcr Lorenz Schaller und Janine Sauer, Bronze f\u00fcr Stecher Markus) in den verschiedenen Klassen konnten unsere Schwimmer auch in der 4. Runde sehr gute Erfolge erzielen.<\/p>\n<p>Wir freuen uns \u00fcber 5 weitere Medaillen in der Tageswertung f\u00fcr den ATUS Graz und gratulieren Niklas H\u00f6lbling zum Tagessieg in der Jugendklasse 2, sowie Nils Pla\u00df (Sch\u00fclerklasse 2), Niklas Urdl (Jugendklasse 1), Oscar Dexl (Jugendklasse 2) und Janine Sauer (Juniorenklasse) zu ihren Bronzenen!<\/p>\n<p>Insgesamt gingen in der 4. Runde 39 Schwimmer des ATUS Graz an den Start.<\/p>\n<p>Gratulation euch allen zu euren vielen neuen pers\u00f6nlichen Bestzeiten!!!<\/p>\n<p><span style=\"color: #0000ff;\"><strong>GESAMTWERTUNG:<\/strong><\/span><\/p>\n<p><span style=\"color: #0000ff;\"><strong>Mit 4 Tagessiegen in allen 4 Runden konnte Niklas H\u00f6lbling die Gesamtwertung in der Jugendklasse 2 f\u00fcr sich entscheiden.<\/strong> <strong>Super Niklas!!<\/strong><\/span><\/p>\n<p><span style=\"color: #0000ff;\"><strong>Oscar Dexl und Jakob Feuchter erk\u00e4mpften sich die Bronzene in der Gesamtwertung in ihren jeweiligen Altersklassen.<\/strong><\/span><\/p>\n<p><span style=\"color: #0000ff;\"><strong>Wir gratulieren euch Dreien herzlich. Macht weiter so!<\/strong><\/span><\/p>\n<p>Insgesamt hat der Cup gezeigt, dass unsere Schwimmer in guter, aufsteigender Form sind und unsere Trainer super Arbeit leisten.<\/p>\n<p>So schauen wir bereits gespannt in Richtung Steir. Meisterschaften, die von 09.-11. Februar in der Grazer Auster stattfinden, und w\u00fcnschen euch schon jetzt viel Spa\u00df, alles Gute und viel Erfolg f\u00fcr diese.<\/p>\n<p><img loading=\"lazy\" decoding=\"async\" class=\"alignnone size-medium wp-image-925\" src=\"http:\/\/www.atus-graz.com\/wp-content\/uploads\/2018\/01\/Gesamtw.-Jakob-300x225.jpg\" alt=\"\" width=\"300\" height=\"225\" srcset=\"https:\/\/www.atus-graz.com\/wp-content\/uploads\/2018\/01\/Gesamtw.-Jakob-300x225.jpg 300w, https:\/\/www.atus-graz.com\/wp-content\/uploads\/2018\/01\/Gesamtw.-Jakob-768x576.jpg 768w, https:\/\/www.atus-graz.com\/wp-content\/uploads\/2018\/01\/Gesamtw.-Jakob-1030x773.jpg 1030w, https:\/\/www.atus-graz.com\/wp-content\/uploads\/2018\/01\/Gesamtw.-Jakob-1500x1125.jpg 1500w, https:\/\/www.atus-graz.com\/wp-content\/uploads\/2018\/01\/Gesamtw.-Jakob-705x529.jpg 705w, https:\/\/www.atus-graz.com\/wp-content\/uploads\/2018\/01\/Gesamtw.-Jakob-450x338.jpg 450w, https:\/\/www.atus-graz.com\/wp-content\/uploads\/2018\/01\/Gesamtw.-Jakob.jpg 1600w\" sizes=\"auto, (max-width: 300px) 100vw, 300px\" \/><img loading=\"lazy\" decoding=\"async\" class=\"alignnone size-medium wp-image-926\" src=\"http:\/\/www.atus-graz.com\/wp-content\/uploads\/2018\/01\/Tagesw.-Janine-1-225x300.jpg\" alt=\"\" width=\"225\" height=\"300\" srcset=\"https:\/\/www.atus-graz.com\/wp-content\/uploads\/2018\/01\/Tagesw.-Janine-1-225x300.jpg 225w, https:\/\/www.atus-graz.com\/wp-content\/uploads\/2018\/01\/Tagesw.-Janine-1-768x1024.jpg 768w, https:\/\/www.atus-graz.com\/wp-content\/uploads\/2018\/01\/Tagesw.-Janine-1-773x1030.jpg 773w, https:\/\/www.atus-graz.com\/wp-content\/uploads\/2018\/01\/Tagesw.-Janine-1-1125x1500.jpg 1125w, https:\/\/www.atus-graz.com\/wp-content\/uploads\/2018\/01\/Tagesw.-Janine-1-529x705.jpg 529w, https:\/\/www.atus-graz.com\/wp-content\/uploads\/2018\/01\/Tagesw.-Janine-1-450x600.jpg 450w, https:\/\/www.atus-graz.com\/wp-content\/uploads\/2018\/01\/Tagesw.-Janine-1.jpg 1200w\" sizes=\"auto, (max-width: 225px) 100vw, 225px\" \/><img loading=\"lazy\" decoding=\"async\" class=\"alignnone size-medium wp-image-927\" src=\"http:\/\/www.atus-graz.com\/wp-content\/uploads\/2018\/01\/Tagesw.-Oscar-Niklas-225x300.jpg\" alt=\"\" width=\"225\" height=\"300\" srcset=\"https:\/\/www.atus-graz.com\/wp-content\/uploads\/2018\/01\/Tagesw.-Oscar-Niklas-225x300.jpg 225w, https:\/\/www.atus-graz.com\/wp-content\/uploads\/2018\/01\/Tagesw.-Oscar-Niklas-768x1024.jpg 768w, https:\/\/www.atus-graz.com\/wp-content\/uploads\/2018\/01\/Tagesw.-Oscar-Niklas-773x1030.jpg 773w, https:\/\/www.atus-graz.com\/wp-content\/uploads\/2018\/01\/Tagesw.-Oscar-Niklas-1125x1500.jpg 1125w, https:\/\/www.atus-graz.com\/wp-content\/uploads\/2018\/01\/Tagesw.-Oscar-Niklas-529x705.jpg 529w, https:\/\/www.atus-graz.com\/wp-content\/uploads\/2018\/01\/Tagesw.-Oscar-Niklas-450x600.jpg 450w, https:\/\/www.atus-graz.com\/wp-content\/uploads\/2018\/01\/Tagesw.-Oscar-Niklas.jpg 1200w\" sizes=\"auto, (max-width: 225px) 100vw, 225px\" \/><img loading=\"lazy\" decoding=\"async\" class=\"alignnone size-medium wp-image-928\" src=\"http:\/\/www.atus-graz.com\/wp-content\/uploads\/2018\/01\/Tagesw.-Nils-300x225.jpg\" alt=\"\" width=\"300\" height=\"225\" srcset=\"https:\/\/www.atus-graz.com\/wp-content\/uploads\/2018\/01\/Tagesw.-Nils-300x225.jpg 300w, https:\/\/www.atus-graz.com\/wp-content\/uploads\/2018\/01\/Tagesw.-Nils-768x576.jpg 768w, https:\/\/www.atus-graz.com\/wp-content\/uploads\/2018\/01\/Tagesw.-Nils-1030x773.jpg 1030w, https:\/\/www.atus-graz.com\/wp-content\/uploads\/2018\/01\/Tagesw.-Nils-1500x1125.jpg 1500w, https:\/\/www.atus-graz.com\/wp-content\/uploads\/2018\/01\/Tagesw.-Nils-705x529.jpg 705w, https:\/\/www.atus-graz.com\/wp-content\/uploads\/2018\/01\/Tagesw.-Nils-450x338.jpg 450w, https:\/\/www.atus-graz.com\/wp-content\/uploads\/2018\/01\/Tagesw.-Nils.jpg 1600w\" sizes=\"auto, (max-width: 300px) 100vw, 300px\" \/><\/p>\n<\/div><\/section><\/p>\n\n<style type=\"text\/css\" data-created_by=\"avia_inline_auto\" id=\"style-css-av-av_hr-4474f20d2389e2e5ecf918a02da5132e\">\n#top .hr.hr-invisible.av-av_hr-4474f20d2389e2e5ecf918a02da5132e{\nheight:50px;\n}\n<\/style>\n<div  class='hr av-av_hr-4474f20d2389e2e5ecf918a02da5132e hr-invisible  avia-builder-el-3  el_after_av_textblock  el_before_av_button '><span class='hr-inner '><span class=\"hr-inner-style\"><\/span><\/span><\/div>\n<div  class='avia-button-wrap av-av_button-e9534d3143bb67da71b75f487c79d1ad-wrap avia-button-left  avia-builder-el-4  el_after_av_hr  el_before_av_hr '><a href='https:\/\/www.atus-graz.com\/index.php\/neuigkeiten\/'  class='avia-button av-av_button-e9534d3143bb67da71b75f487c79d1ad avia-icon_select-no avia-size-medium avia-position-left avia-color-theme-color'  ><span class='avia_iconbox_title' >ZUR\u00dcCK ZUR \u00dcBERSICHT<\/span><\/a><\/div>\n\n<style type=\"text\/css\" data-created_by=\"avia_inline_auto\" id=\"style-css-av-av_hr-4474f20d2389e2e5ecf918a02da5132e\">\n#top .hr.hr-invisible.av-av_hr-4474f20d2389e2e5ecf918a02da5132e{\nheight:50px;\n}\n<\/style>\n<div  class='hr av-av_hr-4474f20d2389e2e5ecf918a02da5132e hr-invisible  avia-builder-el-5  el_after_av_button  el_before_av_social_share '><span class='hr-inner '><span class=\"hr-inner-style\"><\/span><\/span><\/div>\n<div  class='av-social-sharing-box av-av_social_share-956bb520151e272a6ff65aaacb89a283 av-social-sharing-box-default  avia-builder-el-6  el_after_av_hr  avia-builder-el-last  av-social-sharing-box-fullwidth'><div class=\"av-share-box\"><h5 class='av-share-link-description av-no-toc '>NEWS TEILEN<\/h5><ul class=\"av-share-box-list noLightbox\"><li class='av-share-link av-social-link-facebook' ><a target=\"_blank\" aria-label=\"Teilen auf Facebook\" href='https:\/\/www.facebook.com\/sharer.php?u=https:\/\/www.atus-graz.com\/index.php\/2018\/01\/25\/zwei-podestplaetze-bei-der-2-runde-des-steir-hallencups\/&#038;t=R%C3%BCckblick%20Steirischer%20Hallencup%202017%2F18' aria-hidden='false' data-av_icon='\ue8f3' data-av_iconfont='entypo-fontello' title='' data-avia-related-tooltip='Teilen auf Facebook' rel=\"noopener\"><span class='avia_hidden_link_text'>Teilen auf Facebook<\/span><\/a><\/li><li class='av-share-link av-social-link-whatsapp' ><a target=\"_blank\" aria-label=\"Teilen auf WhatsApp\" href='https:\/\/api.whatsapp.com\/send?text=https:\/\/www.atus-graz.com\/index.php\/2018\/01\/25\/zwei-podestplaetze-bei-der-2-runde-des-steir-hallencups\/' aria-hidden='false' data-av_icon='\uf232' data-av_iconfont='entypo-fontello' title='' data-avia-related-tooltip='Teilen auf WhatsApp' rel=\"noopener\"><span class='avia_hidden_link_text'>Teilen auf WhatsApp<\/span><\/a><\/li><li class='av-share-link av-social-link-mail' ><a  aria-label=\"Per E-Mail teilen\" href='mailto:?subject=R%C3%BCckblick%20Steirischer%20Hallencup%202017%2F18&#038;body=https:\/\/www.atus-graz.com\/index.php\/2018\/01\/25\/zwei-podestplaetze-bei-der-2-runde-des-steir-hallencups\/' aria-hidden='false' data-av_icon='\ue805' data-av_iconfont='entypo-fontello' title='' data-avia-related-tooltip='Per E-Mail teilen'><span class='avia_hidden_link_text'>Per E-Mail teilen<\/span><\/a><\/li><\/ul><\/div><\/div>\n","protected":false},"excerpt":{"rendered":"","protected":false},"author":2,"featured_media":924,"comment_status":"closed","ping_status":"open","sticky":false,"template":"","format":"standard","meta":{"footnotes":""},"categories":[29,31],"tags":[],"class_list":["post-923","post","type-post","status-publish","format-standard","has-post-thumbnail","hentry","category-schwimmen","category-wettkampfbericht"],"_links":{"self":[{"href":"https:\/\/www.atus-graz.com\/index.php\/wp-json\/wp\/v2\/posts\/923","targetHints":{"allow":["GET"]}}],"collection":[{"href":"https:\/\/www.atus-graz.com\/index.php\/wp-json\/wp\/v2\/posts"}],"about":[{"href":"https:\/\/www.atus-graz.com\/index.php\/wp-json\/wp\/v2\/types\/post"}],"author":[{"embeddable":true,"href":"https:\/\/www.atus-graz.com\/index.php\/wp-json\/wp\/v2\/users\/2"}],"replies":[{"embeddable":true,"href":"https:\/\/www.atus-graz.com\/index.php\/wp-json\/wp\/v2\/comments?post=923"}],"version-history":[{"count":3,"href":"https:\/\/www.atus-graz.com\/index.php\/wp-json\/wp\/v2\/posts\/923\/revisions"}],"predecessor-version":[{"id":940,"href":"https:\/\/www.atus-graz.com\/index.php\/wp-json\/wp\/v2\/posts\/923\/revisions\/940"}],"wp:featuredmedia":[{"embeddable":true,"href":"https:\/\/www.atus-graz.com\/index.php\/wp-json\/wp\/v2\/media\/924"}],"wp:attachment":[{"href":"https:\/\/www.atus-graz.com\/index.php\/wp-json\/wp\/v2\/media?parent=923"}],"wp:term":[{"taxonomy":"category","embeddable":true,"href":"https:\/\/www.atus-graz.com\/index.php\/wp-json\/wp\/v2\/categories?post=923"},{"taxonomy":"post_tag","embeddable":true,"href":"https:\/\/www.atus-graz.com\/index.php\/wp-json\/wp\/v2\/tags?post=923"}],"curies":[{"name":"wp","href":"https:\/\/api.w.org\/{rel}","templated":true}]}}